{"id":315,"date":"2020-06-13T14:23:26","date_gmt":"2020-06-13T12:23:26","guid":{"rendered":"http:\/\/grillon.gheerbrant.com\/grillon\/?p=315"},"modified":"2020-06-13T14:25:08","modified_gmt":"2020-06-13T12:25:08","slug":"en-presentiel","status":"publish","type":"post","link":"http:\/\/grillon.gheerbrant.com\/grillon\/index.php\/2020\/06\/13\/en-presentiel\/","title":{"rendered":"en pr\u00e9sentiel"},"content":{"rendered":"\n<figure class=\"wp-block-image size-large\"><img loading=\"lazy\" width=\"600\" height=\"450\" src=\"http:\/\/grillon.gheerbrant.com\/grillon\/wp-content\/uploads\/2020\/06\/P1040636.jpg\" alt=\"\" class=\"wp-image-316\" srcset=\"http:\/\/grillon.gheerbrant.com\/grillon\/wp-content\/uploads\/2020\/06\/P1040636.jpg 600w, http:\/\/grillon.gheerbrant.com\/grillon\/wp-content\/uploads\/2020\/06\/P1040636-300x225.jpg 300w\" sizes=\"(max-width: 600px) 100vw, 600px\" \/><\/figure>\n\n\n\n<p class=\"has-medium-font-size\">Toutes les places de France et d&rsquo;Europe ont retrouv\u00e9 leur vie et leur rumeur, leur population, leurs voitures gar\u00e9es en rang d&rsquo;oignons, leurs manifestants, leurs m\u00e9gots et papiers gras, leurs tables de bistrots &#8230; <\/p>\n\n\n\n<p class=\"has-medium-font-size\">Ce n&rsquo;est pas le cas de tous les bureaux, les employ\u00e9s installent de nouvelles habitudes de travail et \u00e0 cette occasion un nouveau mot est lanc\u00e9 : <em>pr\u00e9sentiel<\/em>. Comment s&rsquo;\u00e9crit-il en r\u00e9alit\u00e9 ? Avec un <em>t <\/em>ou avec un <em>c<\/em> ? Ce mot ne se trouve pas dans mon Petit Robert. Est-il un adjectif ou un nom commun, ou un adjectif substantiv\u00e9 ? Ce n\u00e9ologisme est utile, il d\u00e9signe la pr\u00e9sence r\u00e9elle et physique d&rsquo;une personne en un lieu donn\u00e9. Mais l&rsquo;expression <em>pr\u00e9sence r\u00e9elle<\/em> ne peut pas \u00eatre utilis\u00e9e en temps ordinaire car elle fait partie du vocabulaire religieux. La pr\u00e9sence r\u00e9elle se dit au sujet de l&rsquo;Eucharistie, il s&rsquo;agit de la pr\u00e9sence r\u00e9elle du corps du Christ dans l&rsquo;hostie. Il fallait donc trouver un autre mot pour le monde la\u00efc.<\/p>\n\n\n\n<p class=\"has-medium-font-size\">Le covid 19 nous procure de nouveaux mots, il n&rsquo;a au moins pas an\u00e9anti notre langue qui reste vivante. Dirons-nous bient\u00f4t pour le t\u00e9l\u00e9travail qu&rsquo;on travaille <em>en absentiel<\/em> ?<\/p>\n\n\n\n<div class=\"wp-block-image\"><figure class=\"aligncenter size-large\"><img loading=\"lazy\" width=\"600\" height=\"447\" src=\"http:\/\/grillon.gheerbrant.com\/grillon\/wp-content\/uploads\/2020\/06\/P1040165.jpg\" alt=\"\" class=\"wp-image-317\" srcset=\"http:\/\/grillon.gheerbrant.com\/grillon\/wp-content\/uploads\/2020\/06\/P1040165.jpg 600w, http:\/\/grillon.gheerbrant.com\/grillon\/wp-content\/uploads\/2020\/06\/P1040165-300x224.jpg 300w\" sizes=\"(max-width: 600px) 100vw, 600px\" \/><\/figure><\/div>\n","protected":false},"excerpt":{"rendered":"<p>Toutes les places de France et d&rsquo;Europe ont retrouv\u00e9 leur vie et leur rumeur, leur population, leurs voitures gar\u00e9es en rang d&rsquo;oignons, leurs manifestants, leurs m\u00e9gots et papiers gras, leurs tables de bistrots &#8230; Ce n&rsquo;est pas le cas de tous les bureaux, les employ\u00e9s installent de nouvelles habitudes de travail et \u00e0 cette occasion &hellip; <\/p>\n<p class=\"link-more\"><a href=\"http:\/\/grillon.gheerbrant.com\/grillon\/index.php\/2020\/06\/13\/en-presentiel\/\" class=\"more-link\">Continuer la lecture<span class=\"screen-reader-text\"> de &laquo;&nbsp;en pr\u00e9sentiel&nbsp;&raquo;<\/span><\/a><\/p>\n","protected":false},"author":1,"featured_media":0,"comment_status":"open","ping_status":"open","sticky":false,"template":"","format":"standard","meta":{"_monsterinsights_skip_tracking":false,"_monsterinsights_sitenote_active":false,"_monsterinsights_sitenote_note":"","_monsterinsights_sitenote_category":0},"categories":[1],"tags":[],"_links":{"self":[{"href":"http:\/\/grillon.gheerbrant.com\/grillon\/index.php\/wp-json\/wp\/v2\/posts\/315"}],"collection":[{"href":"http:\/\/grillon.gheerbrant.com\/grillon\/index.php\/wp-json\/wp\/v2\/posts"}],"about":[{"href":"http:\/\/grillon.gheerbrant.com\/grillon\/index.php\/wp-json\/wp\/v2\/types\/post"}],"author":[{"embeddable":true,"href":"http:\/\/grillon.gheerbrant.com\/grillon\/index.php\/wp-json\/wp\/v2\/users\/1"}],"replies":[{"embeddable":true,"href":"http:\/\/grillon.gheerbrant.com\/grillon\/index.php\/wp-json\/wp\/v2\/comments?post=315"}],"version-history":[{"count":3,"href":"http:\/\/grillon.gheerbrant.com\/grillon\/index.php\/wp-json\/wp\/v2\/posts\/315\/revisions"}],"predecessor-version":[{"id":320,"href":"http:\/\/grillon.gheerbrant.com\/grillon\/index.php\/wp-json\/wp\/v2\/posts\/315\/revisions\/320"}],"wp:attachment":[{"href":"http:\/\/grillon.gheerbrant.com\/grillon\/index.php\/wp-json\/wp\/v2\/media?parent=315"}],"wp:term":[{"taxonomy":"category","embeddable":true,"href":"http:\/\/grillon.gheerbrant.com\/grillon\/index.php\/wp-json\/wp\/v2\/categories?post=315"},{"taxonomy":"post_tag","embeddable":true,"href":"http:\/\/grillon.gheerbrant.com\/grillon\/index.php\/wp-json\/wp\/v2\/tags?post=315"}],"curies":[{"name":"wp","href":"https:\/\/api.w.org\/{rel}","templated":true}]}}